{"id":1,"date":"2020-05-01T18:38:00","date_gmt":"2020-05-01T17:38:00","guid":{"rendered":"http:\/\/grundschule-oker.de\/?p=1"},"modified":"2021-04-24T17:56:38","modified_gmt":"2021-04-24T15:56:38","slug":"hello-world","status":"publish","type":"post","link":"https:\/\/gsoker.de\/?p=1","title":{"rendered":"Willkommen"},"content":{"rendered":"\n<p>Liebe Schulkinder, liebe Eltern,<\/p>\n\n\n\n<p>willkommen bei uns und auf unserer Internetseite!<\/p>\n\n\n\n<p>Wir sind <strong>die<\/strong> Grundschule in Oker und auch noch die einzige F\u00f6rderschule mit dem Schwerpunkt Sprache im Landkreis Goslar.<\/p>\n\n\n\n<p>Hier auf unserer Internetseite kann man sich schon einmal ein wenig umschauen. Man kann aber auch sehr gerne pers\u00f6nlich vorbeikommen. Daf\u00fcr ist aber vorher eine Terminabsprache n\u00f6tig, damit wir auch Zeit f\u00fcr ein Gespr\u00e4ch und einen kleinen Rundgang haben. Wenn erst einmal ein rein virtueller Eindruck von uns reicht, dann findet man auch Videos von unserem Team f\u00fcr unsere Schulkinder auf unserem YouTube Kanal <a rel=\"noreferrer noopener\" href=\"https:\/\/www.youtube.com\/channel\/UCGQCv-NNC4ujORVjBr9LhgA\" target=\"_blank\">GO at home<\/a>.<\/p>\n\n\n\n<p>Auf unserer Homepage sollen unsere Eltern und auch unsere Schulkinder kurz und knapp alle notwendigen Informationen finden &#8211; zum Anschauen, zum Nachlesen, zum Informieren und nat\u00fcrlich auch zum Nachfragen.<\/p>\n\n\n\n<p>Wir bitten um Verst\u00e4ndnis, dass noch Inhalte auf unserer Webseite fehlen. Wir arbeiten st\u00e4ndig an den noch fehlenden Informationen. Aber durch Corona haben auch wir im Moment eine besondere Belastung, so dass wir noch um etwas Geduld bitten.<\/p>\n\n\n\n<div class=\"wp-block-media-text alignwide is-stacked-on-mobile is-vertically-aligned-top\" style=\"grid-template-columns:26% auto\"><figure class=\"wp-block-media-text__media\"><img loading=\"lazy\" decoding=\"async\" width=\"148\" height=\"148\" src=\"https:\/\/gsoker.de\/wp-content\/uploads\/2020\/04\/PortraitCK.png\" alt=\"\" class=\"wp-image-742 size-full\" srcset=\"https:\/\/gsoker.de\/wp-content\/uploads\/2020\/04\/PortraitCK.png 148w, https:\/\/gsoker.de\/wp-content\/uploads\/2020\/04\/PortraitCK-70x70.png 70w, https:\/\/gsoker.de\/wp-content\/uploads\/2020\/04\/PortraitCK-125x125.png 125w\" sizes=\"auto, (max-width: 148px) 100vw, 148px\" \/><\/figure><div class=\"wp-block-media-text__content\">\n<p>Mit herzlichen Gr\u00fc\u00dfen vom gesamten Team der Schule<\/p>\n\n\n\n<p>Ihre Claudia Kohl (Rektorin)<\/p>\n<\/div><\/div>\n","protected":false},"excerpt":{"rendered":"<p>Liebe Schulkinder, liebe Eltern, willkommen bei uns und auf unserer Internetseite! Wir sind die Grundschule in Oker und auch noch &hellip; <\/p>\n","protected":false},"author":1,"featured_media":1029,"comment_status":"open","ping_status":"open","sticky":false,"template":"","format":"standard","meta":{"footnotes":""},"categories":[1,18],"tags":[88,47,89,90,68,91,92],"class_list":["post-1","post","type-post","status-publish","format-standard","has-post-thumbnail","hentry","category-uncategorized","category-unsere-schule","tag-begruessung","tag-informationen","tag-schulleitung","tag-team","tag-wichtig","tag-willkommen","tag-zusammenfassung"],"_links":{"self":[{"href":"https:\/\/gsoker.de\/index.php?rest_route=\/wp\/v2\/posts\/1","targetHints":{"allow":["GET"]}}],"collection":[{"href":"https:\/\/gsoker.de\/index.php?rest_route=\/wp\/v2\/posts"}],"about":[{"href":"https:\/\/gsoker.de\/index.php?rest_route=\/wp\/v2\/types\/post"}],"author":[{"embeddable":true,"href":"https:\/\/gsoker.de\/index.php?rest_route=\/wp\/v2\/users\/1"}],"replies":[{"embeddable":true,"href":"https:\/\/gsoker.de\/index.php?rest_route=%2Fwp%2Fv2%2Fcomments&post=1"}],"version-history":[{"count":9,"href":"https:\/\/gsoker.de\/index.php?rest_route=\/wp\/v2\/posts\/1\/revisions"}],"predecessor-version":[{"id":2237,"href":"https:\/\/gsoker.de\/index.php?rest_route=\/wp\/v2\/posts\/1\/revisions\/2237"}],"wp:featuredmedia":[{"embeddable":true,"href":"https:\/\/gsoker.de\/index.php?rest_route=\/wp\/v2\/media\/1029"}],"wp:attachment":[{"href":"https:\/\/gsoker.de\/index.php?rest_route=%2Fwp%2Fv2%2Fmedia&parent=1"}],"wp:term":[{"taxonomy":"category","embeddable":true,"href":"https:\/\/gsoker.de\/index.php?rest_route=%2Fwp%2Fv2%2Fcategories&post=1"},{"taxonomy":"post_tag","embeddable":true,"href":"https:\/\/gsoker.de\/index.php?rest_route=%2Fwp%2Fv2%2Ftags&post=1"}],"curies":[{"name":"wp","href":"https:\/\/api.w.org\/{rel}","templated":true}]}}