{"id":1040,"date":"2020-05-06T21:37:00","date_gmt":"2020-05-06T19:37:00","guid":{"rendered":"https:\/\/gsoker.de\/?p=1040"},"modified":"2020-05-24T14:17:02","modified_gmt":"2020-05-24T12:17:02","slug":"beratung","status":"publish","type":"post","link":"https:\/\/gsoker.de\/?p=1040","title":{"rendered":"Beratung"},"content":{"rendered":"\n<ul class=\"wp-block-list\"><li>ist eine wesentliche Aufgabe der F\u00f6rderschule Sprache in Oker.<\/li><li>Erziehungsberechtigte von sprachauff\u00e4lligen\/ sprachbeeintr\u00e4chtigten Kindern haben die M\u00f6glichkeit, eine Einzelberatung zu vereinbaren-<\/li><li>Das Angebot richtet sich auch an Eltern, deren Kinder noch nicht in die Schule gehen, aber zuk\u00fcnftig schulpflichtig werden.<\/li><li>Beratungsbedarfe werden telefonisch (05321-64798) oder per Email (gsoker@goslar.de) mit uns vereinbart.<\/li><\/ul>\n\n\n\n<p>Nehmen Sie bitte Kontakt mit uns auf, wenn Ihr Kind<\/p>\n\n\n\n<ul class=\"wp-block-list\"><li>Laute nicht richtig ausspricht<\/li><li>S\u00e4tze verdreht<\/li><li>in S\u00e4tzen W\u00f6rter ausl\u00e4sst oder nicht richtig ausspricht<\/li><li>wenig oder gar nicht spricht<\/li><li>Sprech\u00e4ngste hat<\/li><li>einen sehr geringen Wortschatz hat<\/li><li>unverst\u00e4ndlich spricht<\/li><li>stottert<\/li><li>allgemeine sprachliche Entwicklungsverz\u00f6gerungen zeigt<\/li><li>&#8230;<\/li><\/ul>\n","protected":false},"excerpt":{"rendered":"<p>ist eine wesentliche Aufgabe der F\u00f6rderschule Sprache in Oker. Erziehungsberechtigte von sprachauff\u00e4lligen\/ sprachbeeintr\u00e4chtigten Kindern haben die M\u00f6glichkeit, eine Einzelberatung zu &hellip; <\/p>\n","protected":false},"author":1,"featured_media":0,"comment_status":"open","ping_status":"open","sticky":false,"template":"","format":"standard","meta":{"footnotes":""},"categories":[1,18],"tags":[51,49,84,50,85],"class_list":["post-1040","post","type-post","status-publish","format-standard","hentry","category-uncategorized","category-unsere-schule","tag-beratung","tag-foerderschule","tag-foerderschullehrkraefte","tag-sprache","tag-sprache-und-sprechen"],"_links":{"self":[{"href":"https:\/\/gsoker.de\/index.php?rest_route=\/wp\/v2\/posts\/1040","targetHints":{"allow":["GET"]}}],"collection":[{"href":"https:\/\/gsoker.de\/index.php?rest_route=\/wp\/v2\/posts"}],"about":[{"href":"https:\/\/gsoker.de\/index.php?rest_route=\/wp\/v2\/types\/post"}],"author":[{"embeddable":true,"href":"https:\/\/gsoker.de\/index.php?rest_route=\/wp\/v2\/users\/1"}],"replies":[{"embeddable":true,"href":"https:\/\/gsoker.de\/index.php?rest_route=%2Fwp%2Fv2%2Fcomments&post=1040"}],"version-history":[{"count":2,"href":"https:\/\/gsoker.de\/index.php?rest_route=\/wp\/v2\/posts\/1040\/revisions"}],"predecessor-version":[{"id":1046,"href":"https:\/\/gsoker.de\/index.php?rest_route=\/wp\/v2\/posts\/1040\/revisions\/1046"}],"wp:attachment":[{"href":"https:\/\/gsoker.de\/index.php?rest_route=%2Fwp%2Fv2%2Fmedia&parent=1040"}],"wp:term":[{"taxonomy":"category","embeddable":true,"href":"https:\/\/gsoker.de\/index.php?rest_route=%2Fwp%2Fv2%2Fcategories&post=1040"},{"taxonomy":"post_tag","embeddable":true,"href":"https:\/\/gsoker.de\/index.php?rest_route=%2Fwp%2Fv2%2Ftags&post=1040"}],"curies":[{"name":"wp","href":"https:\/\/api.w.org\/{rel}","templated":true}]}}